{"id":287,"date":"2017-10-16T15:52:26","date_gmt":"2017-10-16T14:52:26","guid":{"rendered":"http:\/\/volby.rmzk.sk\/?p=287"},"modified":"2017-10-20T15:58:04","modified_gmt":"2017-10-20T14:58:04","slug":"odpoved-kandidatov-na-predsedu-zsk-k-otazke-c-4","status":"publish","type":"post","link":"https:\/\/volby.rmzk.sk\/?p=287","title":{"rendered":"Odpove\u010f kandid\u00e1tov na predsedu \u017d\u0160K k ot\u00e1zke \u010d.4"},"content":{"rendered":"<p>Ot\u00e1zke znela:\u00a0<span style=\"color: #0000ff;\"><strong>Ako si predstavujete spolupr\u00e1cu \u017dSK s\u00a0Radou ml\u00e1de\u017ee \u017dilinsk\u00e9ho kraja, pr\u00edpadne s\u00a0\u010fal\u0161\u00edmi ml\u00e1de\u017en\u00edckymi organiz\u00e1ciami?<\/strong><\/span><\/p>\n<p>Odpovede na \u0148u s\u00fa:<!--more--><a href=\"http:\/\/www.rmzk.sk\/wp-content\/uploads\/2017\/10\/1-blan\u00e1r.png\"><img loading=\"lazy\" decoding=\"async\" class=\"alignnone wp-image-4077\" src=\"http:\/\/www.rmzk.sk\/wp-content\/uploads\/2017\/10\/1-blan\u00e1r-300x37.png\" alt=\"\" width=\"500\" height=\"62\" \/><\/a><\/p>\n<p><span style=\"color: #333399;\">S Radou ml\u00e1de\u017ee \u017dilinsk\u00e9ho kraja sme u\u017e spolupracovali v minulosti na olympi\u00e1de \u017eiackych \u0161kolsk\u00fdch r\u00e1d. Bolo to jedine\u010dn\u00e9 podujatie, ktor\u00e9 organizovala Rada ml\u00e1de\u017ee, a preto sme aj na na\u0161om poslednom stretnut\u00ed navrhli, \u010di by rada t\u00fato s\u00fa\u0165a\u017e neobnovila. Ve\u013emi radi op\u00e4\u0165 pom\u00f4\u017eeme a prispejeme k organiz\u00e1cii. Rovnako u n\u00e1s funguje Krajsk\u00fd stredo\u0161kolsk\u00fd parlament \u017dSK, v ktorom s\u00fa z\u00e1stupcovia v\u0161etk\u00fdch region\u00e1lnych parlamentov. Zapoji\u0165 sa m\u00f4\u017eu v\u0161etky stredn\u00e9 \u0161koly a teda nielen na\u0161e \u017eupn\u00e9, ale i s\u00fakromn\u00e9 a cirkevn\u00e9. Aj toto je skvel\u00e1 cesta, ako da\u0165 mlad\u00fdm mo\u017enos\u0165 ovplyv\u0148ova\u0165 veci verejn\u00e9. Spolupracujeme tie\u017e s \u010fal\u0161\u00edmi organiz\u00e1ciami, s ktor\u00fdmi vytv\u00e1rame pre mlad\u00fdch r\u00f4zne projekty. Napr\u00edklad organizujeme v\u00fdchovn\u00e9 koncerty, kde sa sna\u017e\u00edme upozorni\u0165 na probl\u00e9my, do ktor\u00fdch sa \u017eiaci m\u00f4\u017eu dosta\u0165 a kde h\u013eada\u0165 pomoc v pr\u00edpade, ak ju u\u017e potrebuj\u00fa. Poskytujeme i granty na podporu aktiv\u00edt pre mlad\u00fdch. A touto cestou chcem pokra\u010dova\u0165, preto\u017ee komunik\u00e1cia a spolupr\u00e1ca s na\u0161imi obyvate\u013emi m\u00e1 zmysel, \u010di u\u017e maj\u00fa 20, 30 alebo 50 rokov.<\/span><\/p>\n<p><a href=\"http:\/\/www.rmzk.sk\/wp-content\/uploads\/2017\/10\/2-cibulka.png\"><img loading=\"lazy\" decoding=\"async\" class=\"alignnone wp-image-4078\" src=\"http:\/\/www.rmzk.sk\/wp-content\/uploads\/2017\/10\/2-cibulka-300x33.png\" alt=\"\" width=\"500\" height=\"55\" \/><\/a><\/p>\n<p><span style=\"color: #333399;\">a) budem sa osobne stret\u00e1va\u0165 so z\u00e1stupcami ml\u00e1de\u017en\u00edckych organiz\u00e1ci\u00ed a opiera\u0165 svoje kroky aj o ich odpor\u00fa\u010dania a rady. Rozm\u00fd\u0161\u013eam aj nad poradn\u00fdm org\u00e1nom tvoren\u00fdm \u0161tudentmi stredn\u00fdch \u0161k\u00f4l<\/span><\/p>\n<p><span style=\"color: #333399;\">b) budem presadzova\u0165, aby \u0161tudenti mali z\u00e1stupcov aj na \u0161kolsk\u00fdch komisi\u00e1ch V\u00daC<\/span><\/p>\n<p><span style=\"color: #333399;\">c) budem presadzova\u0165, aby \u0161tudenti mali z\u00e1stupcov aj v rad\u00e1ch \u0161k\u00f4l<\/span><\/p>\n<p><a href=\"http:\/\/www.rmzk.sk\/wp-content\/uploads\/2017\/10\/3-hoffmann.png\"><img loading=\"lazy\" decoding=\"async\" class=\"alignnone wp-image-4079\" src=\"http:\/\/www.rmzk.sk\/wp-content\/uploads\/2017\/10\/3-hoffmann-300x35.png\" alt=\"\" width=\"500\" height=\"58\" \/><\/a><\/p>\n<p><span style=\"color: #333399;\">Jednozna\u010dne v\u017edy priv\u00edtam n\u00e1pady a\u00a0my\u0161lienky mladej gener\u00e1cie, ktor\u00e1 by mala by\u0165 viac re\u0161pektovan\u00e1 a\u00a0zapojen\u00e1 do spravovania vec\u00ed verejn\u00fdch.<\/span><\/p>\n<p><a href=\"http:\/\/www.rmzk.sk\/wp-content\/uploads\/2017\/10\/4-juriniova.png\"><img loading=\"lazy\" decoding=\"async\" class=\"alignnone wp-image-4080\" src=\"http:\/\/www.rmzk.sk\/wp-content\/uploads\/2017\/10\/4-juriniova-300x53.png\" alt=\"\" width=\"500\" height=\"88\" \/><\/a><\/p>\n<p><span style=\"color: #333399;\">Najm\u00e4 v otvorenej diskusii a osobnom kontakte. \u010c\u00edm menej byrokracie, t\u00fdm viac vz\u00e1jomn\u00e9ho porozumenia. Som otvoren\u00e1 iniciat\u00edvam, n\u00e1vrhom a spolo\u010dn\u00e9mu h\u013eadaniu rie\u0161en\u00ed na prospech mlad\u00fdch \u013eud\u00ed.\u00a0Sledujem aktivity Rady ml\u00e1de\u017ee a\u00a0je mi \u013e\u00fato, \u017ee teraj\u0161\u00edm \u017eupanom je vn\u00edman\u00fd tento org\u00e1n len form\u00e1lne. P\u00e1\u010dia sa mi vzdel\u00e1vacie aktivity, ktor\u00e9 Rada organizuje.<\/span><\/p>\n<p><a href=\"http:\/\/www.rmzk.sk\/wp-content\/uploads\/2017\/10\/5-martvon.png\"><img loading=\"lazy\" decoding=\"async\" class=\"alignnone wp-image-4081\" src=\"http:\/\/www.rmzk.sk\/wp-content\/uploads\/2017\/10\/5-martvon-300x47.png\" alt=\"\" width=\"500\" height=\"79\" \/><\/a><\/p>\n<p><span style=\"color: #333399;\">S\u00e1m som bol p\u00e1r kr\u00e1t za jedno ob\u010dianske zdru\u017eenie deleg\u00e1tom Valn\u00e9ho zhroma\u017edenia Rady ml\u00e1de\u017ee Slovenska v\u00a0minulosti a\u00a0viem, \u017ee je to v\u00fdznamn\u00e9 f\u00f3rum, kde sa daj\u00fa z\u00edska\u0165 r\u00f4zne podnety pre pr\u00e1cu i\u00a0v\u00a0regi\u00f3noch. Preto si viem ako \u017eupan predstavi\u0165, \u017ee by som sa pravidelne, napr\u00edklad raz ro\u010dne, stret\u00e1val na nejakom ve\u013ekom spolo\u010dnom stretnut\u00ed so v\u0161etk\u00fdmi ml\u00e1de\u017en\u00edckymi organiz\u00e1ciami z cel\u00e9ho\u00a0\u017dilinsk\u00e9ho kraja, kde by sme spolu preberali probl\u00e9my a h\u013eadali\u00a0mo\u017enosti rie\u0161en\u00ed pre mlad\u00fdch \u013eud\u00ed v\u00a0kraji. Z\u00e1rove\u0148 by som\u00a0si zriadil ako \u017eupan poradn\u00fd org\u00e1n s n\u00e1zvom napr. \u017dupanova rada mlad\u00fdch, kde by boli vybran\u00ed z\u00e1stupcovia mlad\u00fdch v\u00a0kraji a ktor\u00fd by pravidelne ka\u017ed\u00e9 dva mesiace zasadal za pr\u00edtomnosti \u017eupana a\u00a0h\u013eadal rie\u0161enia pre mlad\u00fdch \u013eud\u00ed v\u00a0kraji.\u00a0 Taktie\u017e nebudem ma\u0165 ako \u017eupan probl\u00e9m sa kedyko\u013evek v\u00a0pr\u00edpade ich od\u00f4vodnenej potreby stretn\u00fa\u0165 so z\u00e1stupcami RMS, \u010di Rady ml\u00e1de\u017ee \u017dilinsk\u00e9ho kraja.<\/span><\/p>\n<p><a href=\"http:\/\/www.rmzk.sk\/wp-content\/uploads\/2017\/10\/6-Mikolaj.png\"><img loading=\"lazy\" decoding=\"async\" class=\"alignnone wp-image-4082\" src=\"http:\/\/www.rmzk.sk\/wp-content\/uploads\/2017\/10\/6-Mikolaj-300x40.png\" alt=\"\" width=\"500\" height=\"66\" \/><\/a><\/p>\n<p><span style=\"color: #333399;\">S\u00a0Radou ml\u00e1de\u017ee by sme sa radi stret\u00e1vali pravidelne, aby ste aj vy mohli ovplyv\u0148ova\u0165 \u017eivot v\u00a0na\u0161om kraji. Budeme v\u00e1m pom\u00e1ha\u0165 vo v\u0161etk\u00fdch aktivit\u00e1ch najm\u00e4 vo\u013eno\u010dasov\u00fdch ale aj pripravova\u0165 stretnutia\u00a0 s\u00a0v\u00fdznamn\u00fdmi odborn\u00edkmi praxe \u010di vysok\u00fdch \u0161k\u00f4l. Ve\u013ea mo\u017enost\u00ed je aj v\u00a0\u00fa\u010dasti r\u00f4znych projektov \u010di u\u017e financovan\u00fdch z\u00a0eurofondov alebo priamo VUC.<\/span><\/p>\n<p><a href=\"http:\/\/www.rmzk.sk\/wp-content\/uploads\/2017\/10\/7a-murin.png\"><img loading=\"lazy\" decoding=\"async\" class=\"alignnone wp-image-4094\" src=\"http:\/\/www.rmzk.sk\/wp-content\/uploads\/2017\/10\/7a-murin-300x44.png\" alt=\"\" width=\"500\" height=\"73\" \/><\/a><\/p>\n<p><span style=\"color: #333399;\">Som otvoren\u00fd spolupr\u00e1ci so v\u0161etk\u00fdmi organiz\u00e1ciami, vr\u00e1tane Rady ml\u00e1de\u017ee \u017dilinsk\u00e9ho kraja. Treba da\u0165 priestor aj mlad\u00fdm \u013eu\u010fom na realiz\u00e1ciu. Nie som najm\u00fadrej\u0161\u00ed, ani naj\u0161ikovnej\u0161\u00ed \u010dlovek na Slovensku, no v\u017edy sa chvalabohu viem obklopi\u0165 schopn\u00fdmi \u013eu\u010fmi.. Mojou snahou je, aby som minim\u00e1lne dvakr\u00e1t do roka nav\u0161t\u00edvil ka\u017ed\u00e9 mesto a obec v \u017dilinskom kraji. Pl\u00e1nujem pravideln\u00e9 dni otvoren\u00fdch dver\u00ed pre ob\u010danov, aby sa mohli kedyko\u013evek na m\u0148a obr\u00e1ti\u0165. A \u010do urob\u00edm ako prv\u00e9? Otvor\u00edme v\u0161etky dvere V\u00daC, aby\u00a0 na\u0161i pracovn\u00edci spolu so mnou boli k dispoz\u00edcii pre v\u0161etk\u00fdch \u013eud\u00ed. Nechcem by\u0165 zamknut\u00fd pred \u013eu\u010fmi na desa\u0165 z\u00e1mkov tak, ako to robia v\u0161etci s\u00fa\u010dasn\u00ed politici. Potrebuj\u00fa \u013eud\u00ed len raz za \u0161tyri roky, a to len v de\u0148 volieb. Ja chcem ma\u0165 \u00farad otvoren\u00fd pre v\u0161etk\u00fdch a st\u00e1le. Pre zamestnancov \u00faradu to neznamen\u00e1, \u017ee pr\u00eddem a budem robi\u0165 \u010distky. Ver\u00edm a viem, \u017ee aj dnes tam pracuje neskuto\u010dne ve\u013ea schopn\u00fdch a profesne zdatn\u00fdch odborn\u00edkov. V\u00e1\u017eim si profesion\u00e1lov a v\u017edy som ochotn\u00fd spolupracova\u0165 s ka\u017ed\u00fdm. U\u017e z vedenia obce m\u00e1m sk\u00fasenosti i odborn\u00e9 znalosti. \u013dudia za mnou \u010dasto chodili s probl\u00e9mami, ktor\u00e9 sa net\u00fdkali kompetenci\u00ed obce, ale v\u017edy sme sa sna\u017eili n\u00e1js\u0165 spolo\u010dn\u00e9 rie\u0161enie a pom\u00f4c\u0165 im. A toto chcem rovnako zavies\u0165 aj v kraji a zlep\u0161i\u0165 ho. Toto je n\u00e1\u0161 kraj, my ho m\u00e1me len prenajat\u00fd od na\u0161ich det\u00ed a sme povinn\u00fd ho zve\u013ea\u010fova\u0165. My to m\u00f4\u017eeme spolu zmeni\u0165.<\/span><\/p>\n<p><a href=\"http:\/\/www.rmzk.sk\/wp-content\/uploads\/2017\/10\/8-piro\u0161ik.png\"><img loading=\"lazy\" decoding=\"async\" class=\"alignnone wp-image-4084\" src=\"http:\/\/www.rmzk.sk\/wp-content\/uploads\/2017\/10\/8-piro\u0161ik-300x47.png\" alt=\"\" width=\"500\" height=\"78\" \/><\/a><\/p>\n<p><span style=\"color: #333399;\">Spolupr\u00e1ca s\u00a0r\u00f4znymi organiz\u00e1ciami je jednou z\u00a0prior\u00edt m\u00f4jho volebn\u00e9ho programu. Pozn\u00e1m to zo strany a\u00a0pozn\u00e1m to i\u00a0z\u00a0mojej pr\u00e1ce projektov\u00e9ho mana\u017e\u00e9ra. Ke\u010f sa dan\u00e1 z\u00e1le\u017eitos\u0165 prediskutuje aj s\u00a0ostatn\u00fdmi, m\u00f4\u017eeme dospie\u0165 k\u00a0lep\u0161\u00edm a\u00a0rozumnej\u0161\u00edm rozhodnutiam. Pr\u00e1ve organiz\u00e1cie ako je t\u00e1 Va\u0161a mi ako pr\u00edpadn\u00e9mu predsedovi \u017dSK m\u00f4\u017eu u\u013eah\u010di\u0165 pr\u00e1cu.<\/span><\/p>\n<p><a href=\"http:\/\/www.rmzk.sk\/wp-content\/uploads\/2017\/10\/9-sagan.png\"><img loading=\"lazy\" decoding=\"async\" class=\"alignnone wp-image-4085\" src=\"http:\/\/www.rmzk.sk\/wp-content\/uploads\/2017\/10\/9-sagan-300x50.png\" alt=\"\" width=\"500\" height=\"83\" \/><\/a><\/p>\n<p><span style=\"color: #333399;\">Rozhodne v komunik\u00e1cii, som otvoren\u00fd ak\u00e9muko\u013evek n\u00e1vrhu, n\u00e1padu, ktor\u00fd pom\u00f4\u017ee ml\u00e1de\u017ei v na\u0161om kraji, alebo dokonca celkovo obyvate\u013eom n\u00e1\u0161ho kraja. Ur\u010dite sa nebudem vyh\u00fdba\u0165 \u010di schov\u00e1va\u0165 pred mlad\u00fdmi, naopak budem ich a u\u017e touto cestou priamo aj V\u00e1s vyz\u00fdva\u0165 k tomu, aby nemali probl\u00e9m pr\u00eds\u0165 za mnou s ak\u00fdmko\u013evek n\u00e1padom, ktor\u00fd prerokujeme a som presved\u010den\u00fd, \u017ee vo ve\u013ea pr\u00edpadoch aj zrealizujeme. V ka\u017edom pr\u00edpade sa budem te\u0161i\u0165 ak bud\u00fa mlad\u00ed \u013eudia v na\u0161om kraji akt\u00edvni a bud\u00fa sa chcie\u0165 pri\u010dini\u0165 o kraj\u0161\u00ed kraj \u010di lep\u0161\u00ed \u017eivot pre n\u00e1s v\u0161etk\u00fdch v na\u0161om \u017eilinskom kraji. A v neposlednom rade ak bud\u00fa \u00faspe\u0161ne reprezentova\u0165 n\u00e1\u0161 kraj \u010di na celo\u0161t\u00e1tnej, alebo dokonca na medzin\u00e1rodnej \u00farovni.<\/span><\/p>\n<p>___________________________________________________________<\/p>\n<p><em>Aktivita je realizovan\u00e1\u00a0s\u00a0podporou \u00a0Ministerstva \u0161kolstva, vedy, v\u00fdskumu a \u0161portu SR \u201eProgramy pre ml\u00e1de\u017e 2014 \u2013 2020\u201c, ktor\u00e9 administruje IUVENTA \u2013 Slovensk\u00fd in\u0161tit\u00fat ml\u00e1de\u017ee .<\/em><\/p>\n<p><a href=\"http:\/\/www.rmzk.sk\/wp-content\/uploads\/2017\/10\/obrazok-4web.jpg\"><img loading=\"lazy\" decoding=\"async\" class=\"alignnone size-medium wp-image-4100\" src=\"http:\/\/www.rmzk.sk\/wp-content\/uploads\/2017\/10\/obrazok-4web-300x168.jpg\" alt=\"\" width=\"300\" height=\"168\" \/><\/a><\/p>\n","protected":false},"excerpt":{"rendered":"<p>Ot\u00e1zke znela:\u00a0Ako si predstavujete spolupr\u00e1cu \u017dSK s\u00a0Radou ml\u00e1de\u017ee \u017dilinsk\u00e9ho kraja, pr\u00edpadne s\u00a0\u010fal\u0161\u00edmi ml\u00e1de\u017en\u00edckymi organiz\u00e1ciami? Odpovede na \u0148u s\u00fa:<\/p>\n","protected":false},"author":7,"featured_media":288,"comment_status":"closed","ping_status":"open","sticky":false,"template":"","format":"standard","meta":{"footnotes":""},"categories":[5],"tags":[],"class_list":["post-287","post","type-post","status-publish","format-standard","has-post-thumbnail","hentry","category-kraje"],"_links":{"self":[{"href":"https:\/\/volby.rmzk.sk\/index.php?rest_route=\/wp\/v2\/posts\/287","targetHints":{"allow":["GET"]}}],"collection":[{"href":"https:\/\/volby.rmzk.sk\/index.php?rest_route=\/wp\/v2\/posts"}],"about":[{"href":"https:\/\/volby.rmzk.sk\/index.php?rest_route=\/wp\/v2\/types\/post"}],"author":[{"embeddable":true,"href":"https:\/\/volby.rmzk.sk\/index.php?rest_route=\/wp\/v2\/users\/7"}],"replies":[{"embeddable":true,"href":"https:\/\/volby.rmzk.sk\/index.php?rest_route=%2Fwp%2Fv2%2Fcomments&post=287"}],"version-history":[{"count":1,"href":"https:\/\/volby.rmzk.sk\/index.php?rest_route=\/wp\/v2\/posts\/287\/revisions"}],"predecessor-version":[{"id":289,"href":"https:\/\/volby.rmzk.sk\/index.php?rest_route=\/wp\/v2\/posts\/287\/revisions\/289"}],"wp:featuredmedia":[{"embeddable":true,"href":"https:\/\/volby.rmzk.sk\/index.php?rest_route=\/wp\/v2\/media\/288"}],"wp:attachment":[{"href":"https:\/\/volby.rmzk.sk\/index.php?rest_route=%2Fwp%2Fv2%2Fmedia&parent=287"}],"wp:term":[{"taxonomy":"category","embeddable":true,"href":"https:\/\/volby.rmzk.sk\/index.php?rest_route=%2Fwp%2Fv2%2Fcategories&post=287"},{"taxonomy":"post_tag","embeddable":true,"href":"https:\/\/volby.rmzk.sk\/index.php?rest_route=%2Fwp%2Fv2%2Ftags&post=287"}],"curies":[{"name":"wp","href":"https:\/\/api.w.org\/{rel}","templated":true}]}}