{"id":250,"date":"2017-10-16T00:51:36","date_gmt":"2017-10-15T23:51:36","guid":{"rendered":"http:\/\/volby.rmzk.sk\/?p=250"},"modified":"2017-10-16T00:56:16","modified_gmt":"2017-10-15T23:56:16","slug":"pytame-sa-kandidatov-na-predsedu-zsk","status":"publish","type":"post","link":"https:\/\/volby.rmzk.sk\/?p=250","title":{"rendered":"P\u00fdtame sa kandid\u00e1tov na predsedu \u017dSK"},"content":{"rendered":"<p>Rada ml\u00e1de\u017ee \u017dilinsk\u00e9ho kraja v r\u00e1mci zvy\u0161ovania povedomia mlad\u00fdch \u013eud\u00ed o bl\u00ed\u017eiacich sa vo\u013eb\u00e1ch do V\u00daC oslovila 9 kandid\u00e1tov na predsedov \u017dilinsk\u00e9ho samospr\u00e1vneho kraja s ot\u00e1zkami, ktor\u00e9 sa t\u00fdkaj\u00fa \u017eivota mlad\u00fdch \u013eud\u00ed.<\/p>\n<p><!--more--><\/p>\n<p><strong>Rada ml\u00e1de\u017ee \u017dilinsk\u00e9ho kraja (RM\u017dK) sa p\u00fdta kandid\u00e1tov na predsedu \u017dSK:<\/strong><\/p>\n<p><em>Pre\u010do by sa mal mlad\u00fd \u010dlovek (18-30 rokov) zaobera\u0165 vo\u013ebami do V\u00daC?<\/em><br \/>\n<em>Pre\u010do by mal mlad\u00fd \u010dlovek voli\u0165 za predsedu \u017dSK pr\u00e1ve V\u00e1s?<\/em><br \/>\n<em>\u010co pon\u00fakate mlad\u00fdm \u013eu\u010fom v r\u00e1mci V\u00e1\u0161ho volebn\u00e9ho programu?<\/em><br \/>\n<em>Ako si predstavujete spolupr\u00e1cu \u017dSK a RM\u017dK?<\/em><\/p>\n<p>Po 17.10.2017 V\u00e1s budeme informova\u0165 o odpovediach.<\/p>\n<p>Osloven\u00ed boli kandid\u00e1ti:<\/p>\n<p><em>Juraj Blan\u00e1r, Ing., 51 r., predseda \u017dilinsk\u00e9ho samospr\u00e1vneho kraja, \u017dilina, Smer \u2013 soci\u00e1lna demokracia<\/em><br \/>\n<em> Peter Cibulka, Mgr., 35 r., dramaturg a mana\u017e\u00e9r, \u017dilina, nez\u00e1visl\u00fd kandid\u00e1t<\/em><br \/>\n<em> Kristi\u00e1n Hoffmann, Mgr., 40 r., pr\u00edrodovedec, geograf, \u017dilina, Strana zelen\u00fdch Slovenska<\/em><br \/>\n<em> Erika Jurinov\u00e1, Ing., 46 r., poslanky\u0148a NR SR, Ni\u017en\u00e1, Oby\u010dajn\u00ed \u013eudia a nez\u00e1visl\u00e9 osobnosti (o\u013eano), Sloboda a solidarita, Kres\u0165anskodemokratick\u00e9 hnutie, Ob\u010dianska konzervat\u00edvna strana, Nova<\/em><br \/>\n<em> Anton Martvo\u0148, Mgr., PhD., 37 r., pr\u00e1vnik a vysoko\u0161kolsk\u00fd pedag\u00f3g, Doln\u00fd Kub\u00edn, nez\u00e1visl\u00fd kandid\u00e1t<\/em><br \/>\n<em> J\u00e1n Mikolaj, prof., Ing., CSc., 64 r., univerzitn\u00fd profesor, \u017dilina, Slovensk\u00e1 n\u00e1rodn\u00e1 strana<\/em><br \/>\n<em> Mari\u00e1n Mur\u00edn, 50 r., starosta obce, M\u00fatne, nez\u00e1visl\u00fd kandid\u00e1t<\/em><br \/>\n<em> Stanislav Piro\u0161\u00edk, 29 r., projektov\u00fd mana\u017e\u00e9r technick\u00fdch izol\u00e1ci\u00ed, Valask\u00e1 Dubov\u00e1, Vzdor \u2013 strana pr\u00e1ce, Komunistick\u00e1 strana Slovenska<\/em><br \/>\n<em> Peter Sagan, 33 r., asistent poslanca NR SR, \u017dilina, Kotleba \u2013 \u013eudov\u00e1 strana na\u0161e Slovensko<\/em><\/p>\n","protected":false},"excerpt":{"rendered":"<p>Rada ml\u00e1de\u017ee \u017dilinsk\u00e9ho kraja v r\u00e1mci zvy\u0161ovania povedomia mlad\u00fdch \u013eud\u00ed o bl\u00ed\u017eiacich sa vo\u013eb\u00e1ch do V\u00daC oslovila 9 kandid\u00e1tov na predsedov \u017dilinsk\u00e9ho samospr\u00e1vneho kraja s ot\u00e1zkami, ktor\u00e9 sa t\u00fdkaj\u00fa \u017eivota mlad\u00fdch \u013eud\u00ed.<\/p>\n","protected":false},"author":25,"featured_media":251,"comment_status":"closed","ping_status":"open","sticky":false,"template":"","format":"standard","meta":{"footnotes":""},"categories":[5],"tags":[],"class_list":["post-250","post","type-post","status-publish","format-standard","has-post-thumbnail","hentry","category-kraje"],"_links":{"self":[{"href":"https:\/\/volby.rmzk.sk\/index.php?rest_route=\/wp\/v2\/posts\/250","targetHints":{"allow":["GET"]}}],"collection":[{"href":"https:\/\/volby.rmzk.sk\/index.php?rest_route=\/wp\/v2\/posts"}],"about":[{"href":"https:\/\/volby.rmzk.sk\/index.php?rest_route=\/wp\/v2\/types\/post"}],"author":[{"embeddable":true,"href":"https:\/\/volby.rmzk.sk\/index.php?rest_route=\/wp\/v2\/users\/25"}],"replies":[{"embeddable":true,"href":"https:\/\/volby.rmzk.sk\/index.php?rest_route=%2Fwp%2Fv2%2Fcomments&post=250"}],"version-history":[{"count":3,"href":"https:\/\/volby.rmzk.sk\/index.php?rest_route=\/wp\/v2\/posts\/250\/revisions"}],"predecessor-version":[{"id":254,"href":"https:\/\/volby.rmzk.sk\/index.php?rest_route=\/wp\/v2\/posts\/250\/revisions\/254"}],"wp:featuredmedia":[{"embeddable":true,"href":"https:\/\/volby.rmzk.sk\/index.php?rest_route=\/wp\/v2\/media\/251"}],"wp:attachment":[{"href":"https:\/\/volby.rmzk.sk\/index.php?rest_route=%2Fwp%2Fv2%2Fmedia&parent=250"}],"wp:term":[{"taxonomy":"category","embeddable":true,"href":"https:\/\/volby.rmzk.sk\/index.php?rest_route=%2Fwp%2Fv2%2Fcategories&post=250"},{"taxonomy":"post_tag","embeddable":true,"href":"https:\/\/volby.rmzk.sk\/index.php?rest_route=%2Fwp%2Fv2%2Ftags&post=250"}],"curies":[{"name":"wp","href":"https:\/\/api.w.org\/{rel}","templated":true}]}}